{"id":4780,"date":"2024-11-08T08:24:14","date_gmt":"2024-11-08T07:24:14","guid":{"rendered":"https:\/\/www.denk-keramik.de\/magazin\/?p=4780"},"modified":"2024-11-17T10:34:02","modified_gmt":"2024-11-17T09:34:02","slug":"denk-keramik-gewinnt-bayerischen-innovationspreis-fuer-mikrogarten","status":"publish","type":"post","link":"https:\/\/www.denk-keramik.de\/magazin\/denk-keramik-gewinnt-bayerischen-innovationspreis-fuer-mikrogarten\/","title":{"rendered":"Denk Keramik gewinnt Bayerischen Innovationspreis f\u00fcr Mikrogarten"},"content":{"rendered":"<p>[et_pb_section fb_built=&#8220;1&#8243; _builder_version=&#8220;4.22.2&#8243; _module_preset=&#8220;default&#8220; custom_padding=&#8220;0px||||false|false&#8220; global_colors_info=&#8220;{}&#8220;][et_pb_row column_structure=&#8220;1_2,1_2&#8243; _builder_version=&#8220;4.22.2&#8243; _module_preset=&#8220;default&#8220; global_colors_info=&#8220;{}&#8220;][et_pb_column type=&#8220;1_2&#8243; _builder_version=&#8220;4.22.2&#8243; _module_preset=&#8220;default&#8220; global_colors_info=&#8220;{}&#8220;][et_pb_text _builder_version=&#8220;4.27.2&#8243; _module_preset=&#8220;default&#8220; global_colors_info=&#8220;{}&#8220;]<\/p>\n<p>Wir bei Denk Keramik freuen uns au\u00dferordentlich, dass unser neues Produkt, der \u201eMikrogarten\u201c, mit dem renommierten Bayerischen Innovationspreis ausgezeichnet wurde. Der Mikrogarten ist eine nachhaltige und wiederverwendbare Pflanzstation f\u00fcr Mikrogreens \u2013 also junge, essbare Pflanzen, die bereits nach 7 bis 21 Tagen geerntet werden k\u00f6nnen. Sie sind bekannt f\u00fcr ihren intensiven Geschmack, ihre leuchtenden Farben und ihre hohe N\u00e4hrstoffdichte.<\/p>\n<p>[\/et_pb_text][\/et_pb_column][et_pb_column type=&#8220;1_2&#8243; _builder_version=&#8220;4.22.2&#8243; _module_preset=&#8220;default&#8220; global_colors_info=&#8220;{}&#8220;][et_pb_image src=&#8220;https:\/\/www.denk-keramik.de\/magazin\/wp-content\/uploads\/2024\/11\/Preisverleihung_copyright-IHK-Andreas-Gebert.webp&#8220; alt=&#8220;Preisverleihung_copyright IHK Andreas Gebert&#8220; title_text=&#8220;Preisverleihung_copyright IHK Andreas Gebert&#8220; _builder_version=&#8220;4.27.2&#8243; _module_preset=&#8220;default&#8220; global_colors_info=&#8220;{}&#8220;][\/et_pb_image][et_pb_text _builder_version=&#8220;4.27.2&#8243; _module_preset=&#8220;default&#8220; global_colors_info=&#8220;{}&#8220;]<\/p>\n<p class=\"p1\">Gesch\u00e4ftsf\u00fchrer Fabian Denk und Produktentwickler Patrick Dellert freuen sich \u00fcber die Auszeichnung.<\/p>\n<p>[\/et_pb_text][\/et_pb_column][\/et_pb_row][et_pb_row _builder_version=&#8220;4.27.2&#8243; _module_preset=&#8220;default&#8220; global_colors_info=&#8220;{}&#8220;][et_pb_column type=&#8220;4_4&#8243; _builder_version=&#8220;4.27.2&#8243; _module_preset=&#8220;default&#8220; global_colors_info=&#8220;{}&#8220;][et_pb_gallery gallery_ids=&#8220;4802,4803,4788,4786,4785,4784,4804,4805,4787&#8243; gallery_orderby=&#8220;rand&#8220; fullwidth=&#8220;on&#8220; _builder_version=&#8220;4.27.2&#8243; _module_preset=&#8220;default&#8220; auto=&#8220;on&#8220; auto_speed=&#8220;4000&#8243; global_colors_info=&#8220;{}&#8220;][\/et_pb_gallery][\/et_pb_column][\/et_pb_row][et_pb_row _builder_version=&#8220;4.27.2&#8243; _module_preset=&#8220;default&#8220; global_colors_info=&#8220;{}&#8220;][et_pb_column type=&#8220;4_4&#8243; _builder_version=&#8220;4.27.2&#8243; _module_preset=&#8220;default&#8220; global_colors_info=&#8220;{}&#8220;][et_pb_text _builder_version=&#8220;4.27.2&#8243; _module_preset=&#8220;default&#8220; global_colors_info=&#8220;{}&#8220;]<\/p>\n<h3>Der Mikrogarten \u2013 Nachhaltigkeit und Innovation in einem Produkt<\/h3>\n<p>Unser Mikrogarten setzt neue Ma\u00dfst\u00e4be in der Mikrogreen-Kultur und bietet eine umweltfreundliche Alternative zu herk\u00f6mmlichen Anbaumethoden. W\u00e4hrend f\u00fcr den Anbau von Mikrogreens normalerweise Einweg-Samenpads und Pflanzunterlagen verwendet werden, die nach jeder Ernte entsorgt werden m\u00fcssen, haben wir eine L\u00f6sung entwickelt, die den Anbau von Mikrogreens nachhaltiger macht.<\/p>\n<p><strong>Im Zentrum des Mikrogartens steht unser patentierter Pflanzstein aus Porosium-Keramik. Dieser Pflanzstein bietet zahlreiche Vorteile:<\/p>\n<p><\/strong><\/p>\n<ul>\n<li><strong>Effiziente Wasserversorgung:<\/strong> Unsere Porosium-Keramik speichert Wasser und gibt es durch den Kapillareffekt gleichm\u00e4\u00dfig an die Wurzeln der Pflanzen ab. Die Oberfl\u00e4che bleibt stets feucht, ohne die Pflanzen zu durchn\u00e4ssen \u2013 ideale Bedingungen f\u00fcr gesundes Wachstum.<\/li>\n<li><strong>Wiederverwendbarkeit:<\/strong> Nach der Ernte k\u00f6nnen die Wurzeln m\u00fchelos vom Pflanzstein entfernt werden. Der Stein ist dann direkt bereit f\u00fcr die n\u00e4chste Saat \u2013 ganz ohne Abfall und zus\u00e4tzliche Ressourcen.<\/li>\n<li><strong>Modulare Bauweise:<\/strong> Der Mikrogarten ist so konzipiert, dass er sich perfekt in den Alltag integrieren l\u00e4sst und kontinuierlichen Anbau erm\u00f6glicht.<\/li>\n<\/ul>\n<p>[\/et_pb_text][et_pb_image src=&#8220;https:\/\/www.denk-keramik.de\/magazin\/wp-content\/uploads\/2024\/01\/mikrogarten-kresse.jpg&#8220; alt=&#8220;Mikrogarten&#8220; title_text=&#8220;Mikrogarten&#8220; _builder_version=&#8220;4.27.2&#8243; _module_preset=&#8220;default&#8220; global_colors_info=&#8220;{}&#8220;][\/et_pb_image][et_pb_button button_url=&#8220;https:\/\/www.denk-keramik.de\/Kueche-Genuss\/Mikrogarten\/&#8220; url_new_window=&#8220;on&#8220; button_text=&#8220;Jetzt den Mikrogarten entdecken!&#8220; _builder_version=&#8220;4.27.2&#8243; _module_preset=&#8220;default&#8220; global_colors_info=&#8220;{}&#8220;][\/et_pb_button][\/et_pb_column][\/et_pb_row][et_pb_row _builder_version=&#8220;4.27.2&#8243; _module_preset=&#8220;default&#8220; global_colors_info=&#8220;{}&#8220;][et_pb_column type=&#8220;4_4&#8243; _builder_version=&#8220;4.27.2&#8243; _module_preset=&#8220;default&#8220; global_colors_info=&#8220;{}&#8220;][et_pb_text _builder_version=&#8220;4.27.2&#8243; _module_preset=&#8220;default&#8220; global_colors_info=&#8220;{}&#8220;]<\/p>\n<h3>Eine besondere Auszeichnung f\u00fcr unser Engagement<\/h3>\n<p>Die feierliche Preisverleihung fand am 14. Oktober in der Freiheitshalle in M\u00fcnchen statt, wo insgesamt sieben innovative Unternehmen aus Bayern geehrt wurden. Der Innovationspreis wird alle 2 Jahre vom Bayerischen Wirtschaftsministerium verliehen und ist eine der h\u00f6chsten Auszeichnungen f\u00fcr kreative Ideen und technologische Fortschritte im Freistaat Bayern. Wir sind stolz, zu den Preistr\u00e4gern zu geh\u00f6ren und freuen uns, mit dem Mikrogarten einen Beitrag zur nachhaltigen Gestaltung des Alltags leisten zu k\u00f6nnen.<\/p>\n<p>Wir danken allen, die uns auf diesem Weg begleitet haben, und freuen uns darauf, unsere Innovationen weiterhin voranzutreiben.<\/p>\n<p>[\/et_pb_text][et_pb_video src=&#8220;https:\/\/youtu.be\/hrNwiJgIKeo&#8220; _builder_version=&#8220;4.27.2&#8243; _module_preset=&#8220;default&#8220; global_colors_info=&#8220;{}&#8220;][\/et_pb_video][\/et_pb_column][\/et_pb_row][et_pb_row column_structure=&#8220;1_3,1_3,1_3&#8243; _builder_version=&#8220;4.27.2&#8243; _module_preset=&#8220;default&#8220; global_colors_info=&#8220;{}&#8220;][et_pb_column type=&#8220;1_3&#8243; _builder_version=&#8220;4.27.2&#8243; _module_preset=&#8220;default&#8220; global_colors_info=&#8220;{}&#8220;][et_pb_image src=&#8220;https:\/\/www.denk-keramik.de\/magazin\/wp-content\/uploads\/2024\/09\/mikrogarten_granicium_mg_5_denkkeramik.jpg&#8220; alt=&#8220;Mikrogarten Geschenk&#8220; title_text=&#8220;Mikrogarten Geschenk&#8220; url=&#8220;https:\/\/www.denk-keramik.de\/Kueche-Genuss\/Mikrogarten\/&#8220; url_new_window=&#8220;on&#8220; _builder_version=&#8220;4.27.2&#8243; _module_preset=&#8220;default&#8220; global_colors_info=&#8220;{}&#8220;][\/et_pb_image][\/et_pb_column][et_pb_column type=&#8220;1_3&#8243; _builder_version=&#8220;4.27.2&#8243; _module_preset=&#8220;default&#8220; global_colors_info=&#8220;{}&#8220;][et_pb_image src=&#8220;https:\/\/www.denk-keramik.de\/magazin\/wp-content\/uploads\/2023\/11\/mikrogarten-urban-garden.jpg&#8220; alt=&#8220;Mikrogarten&#8220; title_text=&#8220;Mikrogarten&#8220; url=&#8220;https:\/\/www.denk-keramik.de\/Kueche-Genuss\/Mikrogarten\/&#8220; url_new_window=&#8220;on&#8220; _builder_version=&#8220;4.27.2&#8243; _module_preset=&#8220;default&#8220; global_colors_info=&#8220;{}&#8220;][\/et_pb_image][\/et_pb_column][et_pb_column type=&#8220;1_3&#8243; _builder_version=&#8220;4.27.2&#8243; _module_preset=&#8220;default&#8220; global_colors_info=&#8220;{}&#8220;][et_pb_image src=&#8220;https:\/\/www.denk-keramik.de\/magazin\/wp-content\/uploads\/2024\/09\/mikrogarten_granicium_mg_1_denkkeramik.jpg&#8220; alt=&#8220;Mikrogarten als Geschenk&#8220; title_text=&#8220;Mikrogarten als Geschenk&#8220; url=&#8220;https:\/\/www.denk-keramik.de\/Kueche-Genuss\/Mikrogarten\/&#8220; url_new_window=&#8220;on&#8220; _builder_version=&#8220;4.27.2&#8243; _module_preset=&#8220;default&#8220; global_colors_info=&#8220;{}&#8220;][\/et_pb_image][\/et_pb_column][\/et_pb_row][et_pb_row _builder_version=&#8220;4.27.2&#8243; _module_preset=&#8220;default&#8220; global_colors_info=&#8220;{}&#8220;][et_pb_column type=&#8220;4_4&#8243; _builder_version=&#8220;4.27.2&#8243; _module_preset=&#8220;default&#8220; global_colors_info=&#8220;{}&#8220;][et_pb_image src=&#8220;https:\/\/www.denk-keramik.de\/magazin\/wp-content\/uploads\/2024\/11\/23-51-215_Aufkleber_297x140_L1-Wir-sind-Preistraeger-1.webp&#8220; alt=&#8220;Bayerischen Innovationspreis f\u00fcr den Mikrogarten&#8220; title_text=&#8220;Bayerischen Innovationspreis f\u00fcr den Mikrogarten&#8220; _builder_version=&#8220;4.27.2&#8243; _module_preset=&#8220;default&#8220; hover_enabled=&#8220;0&#8243; global_colors_info=&#8220;{}&#8220; sticky_enabled=&#8220;0&#8243;][\/et_pb_image][et_pb_text _builder_version=&#8220;4.27.2&#8243; _module_preset=&#8220;default&#8220; global_colors_info=&#8220;{}&#8220;]<\/p>\n<p>Bilder: IHK \/ Andreas Gebert<\/p>\n<p>[\/et_pb_text][\/et_pb_column][\/et_pb_row][et_pb_row _builder_version=&#8220;4.27.2&#8243; _module_preset=&#8220;default&#8220;][et_pb_column _builder_version=&#8220;4.27.2&#8243; _module_preset=&#8220;default&#8220; type=&#8220;4_4&#8243;][et_pb_blurb image=&#8220;https:\/\/www.denk-keramik.de\/magazin\/wp-content\/uploads\/2024\/01\/mikrogarten-kresse.jpg&#8220; alt=&#8220;Mikrogarten&#8220; icon_placement=&#8220;left&#8220; image_icon_width=&#8220;40px&#8220; content_max_width=&#8220;100%&#8220; module_class=&#8220;product-box&#8220; _builder_version=&#8220;4.27.2&#8243; _module_preset=&#8220;default&#8220; background_color=&#8220;#FFECCB&#8220; custom_padding=&#8220;15px|15px|15px|15px|false|false&#8220; link_option_url_new_window=&#8220;on&#8220; hover_enabled=&#8220;0&#8243; global_colors_info=&#8220;{}&#8220; theme_builder_area=&#8220;post_content&#8220; title=&#8220;Wie entstand der Mikrogarten?&#8220; link_option_url=&#8220;https:\/\/www.denk-keramik.de\/magazin\/innovation-trifft-nachhaltigkeit-die-entwicklung-des-mikrogartens-bei-denk-keramik\/&#8220; sticky_enabled=&#8220;0&#8243;]<\/p>\n<p>Tauchen Sie ein in die spannende Geschichte hinter der Entwicklung des Mikrogartens! Erfahren Sie, wie die Idee, frische Microgreens auf einem wiederverwendbaren Stein zu z\u00fcchten, Wirklichkeit wurde. Zwei Sament\u00fctchen sind inklusive \u2013 machen Sie den ersten Schritt in die Welt des nachhaltigen Urban Gardenings! <a href=\"#\" rel=\"noopener\" data-wplink-edit=\"true\">Mehr zur Entstehung erfahren.<\/a><\/p>\n<p>[\/et_pb_blurb][\/et_pb_column][\/et_pb_row][\/et_pb_section]<\/p>\n","protected":false},"excerpt":{"rendered":"<p>Wir bei Denk Keramik freuen uns au\u00dferordentlich, dass unser neues Produkt, der \u201eMikrogarten\u201c, mit dem renommierten Bayerischen Innovationspreis ausgezeichnet wurde. Der Mikrogarten ist eine nachhaltige und wiederverwendbare Pflanzstation f\u00fcr Mikrogreens \u2013 also junge, essbare Pflanzen, die bereits nach 7 bis 21 Tagen geerntet werden k\u00f6nnen. Sie sind bekannt f\u00fcr ihren intensiven Geschmack, ihre leuchtenden Farben [&hellip;]<\/p>\n","protected":false},"author":2,"featured_media":4787,"comment_status":"closed","ping_status":"closed","sticky":false,"template":"","format":"standard","meta":{"_acf_changed":false,"_et_pb_use_builder":"on","_et_pb_old_content":"","_et_gb_content_width":"","_crdt_document":"","footnotes":""},"categories":[7],"tags":[38,22],"class_list":["post-4780","post","type-post","status-publish","format-standard","has-post-thumbnail","hentry","category-neues","tag-microgreens","tag-mikrogarten"],"acf":[],"_links":{"self":[{"href":"https:\/\/www.denk-keramik.de\/magazin\/wp-json\/wp\/v2\/posts\/4780","targetHints":{"allow":["GET"]}}],"collection":[{"href":"https:\/\/www.denk-keramik.de\/magazin\/wp-json\/wp\/v2\/posts"}],"about":[{"href":"https:\/\/www.denk-keramik.de\/magazin\/wp-json\/wp\/v2\/types\/post"}],"author":[{"embeddable":true,"href":"https:\/\/www.denk-keramik.de\/magazin\/wp-json\/wp\/v2\/users\/2"}],"replies":[{"embeddable":true,"href":"https:\/\/www.denk-keramik.de\/magazin\/wp-json\/wp\/v2\/comments?post=4780"}],"version-history":[{"count":9,"href":"https:\/\/www.denk-keramik.de\/magazin\/wp-json\/wp\/v2\/posts\/4780\/revisions"}],"predecessor-version":[{"id":4907,"href":"https:\/\/www.denk-keramik.de\/magazin\/wp-json\/wp\/v2\/posts\/4780\/revisions\/4907"}],"wp:featuredmedia":[{"embeddable":true,"href":"https:\/\/www.denk-keramik.de\/magazin\/wp-json\/wp\/v2\/media\/4787"}],"wp:attachment":[{"href":"https:\/\/www.denk-keramik.de\/magazin\/wp-json\/wp\/v2\/media?parent=4780"}],"wp:term":[{"taxonomy":"category","embeddable":true,"href":"https:\/\/www.denk-keramik.de\/magazin\/wp-json\/wp\/v2\/categories?post=4780"},{"taxonomy":"post_tag","embeddable":true,"href":"https:\/\/www.denk-keramik.de\/magazin\/wp-json\/wp\/v2\/tags?post=4780"}],"curies":[{"name":"wp","href":"https:\/\/api.w.org\/{rel}","templated":true}]}}