{"id":4933,"date":"2024-11-12T10:26:33","date_gmt":"2024-11-12T09:26:33","guid":{"rendered":"https:\/\/www.denk-keramik.de\/magazin\/?p=4933"},"modified":"2024-12-02T10:52:03","modified_gmt":"2024-12-02T09:52:03","slug":"die-saison-von-feldsalat-ein-highlight-fuer-die-kueche","status":"publish","type":"post","link":"https:\/\/www.denk-keramik.de\/magazin\/die-saison-von-feldsalat-ein-highlight-fuer-die-kueche\/","title":{"rendered":"Die Saison von Feldsalat \u2013 Ein Highlight f\u00fcr die K\u00fcche"},"content":{"rendered":"<p>[et_pb_section fb_built=&#8220;1&#8243; _builder_version=&#8220;4.22.2&#8243; _module_preset=&#8220;default&#8220; custom_padding=&#8220;0px||||false|false&#8220; global_colors_info=&#8220;{}&#8220;][et_pb_row _builder_version=&#8220;4.22.2&#8243; _module_preset=&#8220;default&#8220; global_colors_info=&#8220;{}&#8220;][et_pb_column type=&#8220;4_4&#8243; _builder_version=&#8220;4.22.2&#8243; _module_preset=&#8220;default&#8220; global_colors_info=&#8220;{}&#8220;][et_pb_text _builder_version=&#8220;4.27.4&#8243; _module_preset=&#8220;default&#8220; global_colors_info=&#8220;{}&#8220;]Feldsalat, auch bekannt als Rapunzel oder Ackersalat, ist ein kulinarischer Schatz, der in der kalten Jahreszeit seinen gro\u00dfen Auftritt hat. Dieses zarte Gr\u00fcn geh\u00f6rt zu den wenigen Salaten, die Frost trotzen und sogar an Geschmack gewinnen, wenn die Temperaturen sinken. Seine Saison ist eine Gelegenheit f\u00fcr Feinschmecker, die Vielfalt regionaler und saisonaler K\u00fcche zu genie\u00dfen.[\/et_pb_text][et_pb_text _builder_version=&#8220;4.27.4&#8243; _module_preset=&#8220;default&#8220; global_colors_info=&#8220;{}&#8220;]<\/p>\n<h2>Wann hat Feldsalat Saison?<\/h2>\n<p>Die Saison von Feldsalat beginnt in der Regel im sp\u00e4ten Herbst und erstreckt sich bis in den fr\u00fchen Fr\u00fchling. Typisch f\u00fcr den Anbau im Freiland ist der Zeitraum von Oktober bis M\u00e4rz, wobei die exakten Zeitr\u00e4ume je nach Region und Wetterbedingungen variieren k\u00f6nnen. Im Gew\u00e4chshaus kann Feldsalat schon fr\u00fcher verf\u00fcgbar sein, aber sein volles Aroma entfaltet er erst nach den ersten Frostn\u00e4chten. Diese nat\u00fcrliche &#8222;K\u00e4ltebehandlung&#8220; sorgt f\u00fcr eine leicht nussige Note und macht ihn besonders aromatisch.<\/p>\n<p>[\/et_pb_text][et_pb_image src=&#8220;https:\/\/www.denk-keramik.de\/magazin\/wp-content\/uploads\/2024\/12\/feldsalat-saison-01.jpg&#8220; alt=&#8220;Feldsalat Saison&#8220; title_text=&#8220;Feldsalat Saison&#8220; force_fullwidth=&#8220;on&#8220; _builder_version=&#8220;4.27.4&#8243; _module_preset=&#8220;default&#8220; hover_enabled=&#8220;0&#8243; global_colors_info=&#8220;{}&#8220; sticky_enabled=&#8220;0&#8243;][\/et_pb_image][et_pb_text _builder_version=&#8220;4.27.4&#8243; _module_preset=&#8220;default&#8220; global_colors_info=&#8220;{}&#8220;]<\/p>\n<h2>Regionalit\u00e4t und Nachhaltigkeit<\/h2>\n<p>Ein besonderer Vorteil von Feldsalat ist, dass er in vielen Regionen lokal angebaut wird. Kurze Transportwege bedeuten nicht nur Frische auf dem Teller, sondern auch eine geringere Umweltbelastung. Gerade im Winter, wenn importierte Produkte oft die Regale f\u00fcllen, ist der Griff zu heimischem Feldsalat eine einfache M\u00f6glichkeit, nachhaltiger einzukaufen.<\/p>\n<p>Der Anbau von Feldsalat ist vergleichsweise unkompliziert, da er robust ist und auf verschiedenen B\u00f6den gedeiht. Viele Landwirte bauen ihn in Mischkultur an, was den Boden schont und die Biodiversit\u00e4t f\u00f6rdert. Wer also Feldsalat kauft, unterst\u00fctzt oft kleine und mittlere Betriebe in der Region.<\/p>\n<h2>Vielseitigkeit in der K\u00fcche<\/h2>\n<p>Feldsalat ist ein echtes Allroundtalent in der K\u00fcche. Seine zarten, leicht nussigen Bl\u00e4tter passen hervorragend zu einer Vielzahl von Gerichten. Besonders beliebt ist er in Kombination mit saisonalen Zutaten wie Waln\u00fcssen, Birnen oder Granatapfelkernen. Auch gebratene Pilze oder Speck geben ihm einen herzhaften Twist.<\/p>\n<p>Ein Klassiker ist der Feldsalat mit einem warmen Kartoffeldressing, das besonders in s\u00fcddeutschen Regionen gesch\u00e4tzt wird. Aber auch moderne Interpretationen, etwa mit Ziegenk\u00e4se und Honig-Senf-Dressing, zeigen, wie vielseitig dieser Wintersalat ist. Feldsalat eignet sich nicht nur als Beilage, sondern kann als Hauptbestandteil eines Gerichts gl\u00e4nzen, beispielsweise in Kombination mit pochierten Eiern oder gegrilltem Fisch.<\/p>\n<h2>Tipps f\u00fcr die Lagerung<\/h2>\n<p>Feldsalat ist empfindlich und sollte m\u00f6glichst frisch verzehrt werden. Nach dem Kauf sollte er in ein feuchtes Tuch eingeschlagen und im Gem\u00fcsefach des K\u00fchlschranks aufbewahrt werden. So bleibt er f\u00fcr ein bis zwei Tage knackig. Wichtig ist auch eine gr\u00fcndliche Reinigung, da sich zwischen den Rosetten oft Sand und Erde verstecken.<\/p>\n<p>Die Saison von Feldsalat ist eine wunderbare Gelegenheit, saisonale Vielfalt zu erleben. Ob klassisch, modern oder kreativ \u2013 dieser Wintersalat bringt frischen Schwung in die K\u00fcche und l\u00e4sst sich auf viele Arten zubereiten. Sein unverwechselbarer Geschmack macht ihn zu einem kulinarischen Highlight, das die kalte Jahreszeit bereichert. Nutzen Sie die Feldsalatsaison, um neue Rezepte auszuprobieren und die M\u00f6glichkeiten dieses vielseitigen Salats zu entdecken!<\/p>\n<p>\u200b<\/p>\n<p>[\/et_pb_text][\/et_pb_column][\/et_pb_row][\/et_pb_section]<\/p>\n","protected":false},"excerpt":{"rendered":"<p>Feldsalat, auch bekannt als Rapunzel oder Ackersalat, ist ein kulinarischer Schatz, der in der kalten Jahreszeit seinen gro\u00dfen Auftritt hat. Dieses zarte Gr\u00fcn geh\u00f6rt zu den wenigen Salaten, die Frost trotzen und sogar an Geschmack gewinnen, wenn die Temperaturen sinken. Seine Saison ist eine Gelegenheit f\u00fcr Feinschmecker, die Vielfalt regionaler und saisonaler K\u00fcche zu genie\u00dfen.Wann [&hellip;]<\/p>\n","protected":false},"author":1,"featured_media":4971,"comment_status":"closed","ping_status":"closed","sticky":false,"template":"","format":"standard","meta":{"_acf_changed":false,"_et_pb_use_builder":"on","_et_pb_old_content":"","_et_gb_content_width":"","_crdt_document":"","footnotes":""},"categories":[3],"tags":[39],"class_list":["post-4933","post","type-post","status-publish","format-standard","has-post-thumbnail","hentry","category-wissen","tag-kueche"],"acf":[],"_links":{"self":[{"href":"https:\/\/www.denk-keramik.de\/magazin\/wp-json\/wp\/v2\/posts\/4933","targetHints":{"allow":["GET"]}}],"collection":[{"href":"https:\/\/www.denk-keramik.de\/magazin\/wp-json\/wp\/v2\/posts"}],"about":[{"href":"https:\/\/www.denk-keramik.de\/magazin\/wp-json\/wp\/v2\/types\/post"}],"author":[{"embeddable":true,"href":"https:\/\/www.denk-keramik.de\/magazin\/wp-json\/wp\/v2\/users\/1"}],"replies":[{"embeddable":true,"href":"https:\/\/www.denk-keramik.de\/magazin\/wp-json\/wp\/v2\/comments?post=4933"}],"version-history":[{"count":4,"href":"https:\/\/www.denk-keramik.de\/magazin\/wp-json\/wp\/v2\/posts\/4933\/revisions"}],"predecessor-version":[{"id":4983,"href":"https:\/\/www.denk-keramik.de\/magazin\/wp-json\/wp\/v2\/posts\/4933\/revisions\/4983"}],"wp:featuredmedia":[{"embeddable":true,"href":"https:\/\/www.denk-keramik.de\/magazin\/wp-json\/wp\/v2\/media\/4971"}],"wp:attachment":[{"href":"https:\/\/www.denk-keramik.de\/magazin\/wp-json\/wp\/v2\/media?parent=4933"}],"wp:term":[{"taxonomy":"category","embeddable":true,"href":"https:\/\/www.denk-keramik.de\/magazin\/wp-json\/wp\/v2\/categories?post=4933"},{"taxonomy":"post_tag","embeddable":true,"href":"https:\/\/www.denk-keramik.de\/magazin\/wp-json\/wp\/v2\/tags?post=4933"}],"curies":[{"name":"wp","href":"https:\/\/api.w.org\/{rel}","templated":true}]}}